{"id":952,"date":"2025-05-09T22:39:14","date_gmt":"2025-05-09T20:39:14","guid":{"rendered":"https:\/\/www.markoradler.hu\/?p=952"},"modified":"2025-05-20T20:10:18","modified_gmt":"2025-05-20T18:10:18","slug":"meam-museu-europeu-dart-modern","status":"publish","type":"post","link":"http:\/\/www.markoradler.hu\/en\/2025\/05\/09\/meam-museu-europeu-dart-modern\/","title":{"rendered":"MEAM &#8211; Museu Europeu d\u2019Art Modern"},"content":{"rendered":"<div data-elementor-type=\"wp-post\" data-elementor-id=\"952\" class=\"elementor elementor-952\">\n\t\t\t\t\t\t\t\t\t<section class=\"elementor-section elementor-top-section elementor-element elementor-element-6ba60a3 elementor-section-boxed elementor-section-height-default elementor-section-height-default\" data-id=\"6ba60a3\" data-element_type=\"section\">\n\t\t\t\t\t\t<div class=\"elementor-container elementor-column-gap-default\">\n\t\t\t\t\t<div class=\"elementor-column elementor-col-100 elementor-top-column elementor-element elementor-element-c8da238\" data-id=\"c8da238\" data-element_type=\"column\">\n\t\t\t<div class=\"elementor-widget-wrap elementor-element-populated\">\n\t\t\t\t\t\t\t\t<div class=\"elementor-element elementor-element-24c7535 elementor-widget elementor-widget-text-editor\" data-id=\"24c7535\" data-element_type=\"widget\" data-widget_type=\"text-editor.default\">\n\t\t\t\t<div class=\"elementor-widget-container\">\n\t\t\t<style>\/*! elementor - v3.15.0 - 31-07-2023 *\/\n.elementor-widget-text-editor.elementor-drop-cap-view-stacked .elementor-drop-cap{background-color:#69727d;color:#fff}.elementor-widget-text-editor.elementor-drop-cap-view-framed .elementor-drop-cap{color:#69727d;border:3px solid;background-color:transparent}.elementor-widget-text-editor:not(.elementor-drop-cap-view-default) .elementor-drop-cap{margin-top:8px}.elementor-widget-text-editor:not(.elementor-drop-cap-view-default) .elementor-drop-cap-letter{width:1em;height:1em}.elementor-widget-text-editor .elementor-drop-cap{float:left;text-align:center;line-height:1;font-size:50px}.elementor-widget-text-editor .elementor-drop-cap-letter{display:inline-block}<\/style>\t\t\t\t<p>&nbsp; &nbsp; &nbsp; &nbsp; &nbsp; &nbsp; &nbsp; &nbsp; &nbsp; &nbsp; &nbsp; &nbsp; &nbsp; &nbsp; &nbsp; &nbsp;THE MEAM HAll<\/p>\t\t\t\t\t\t<\/div>\n\t\t\t\t<\/div>\n\t\t\t\t\t<\/div>\n\t\t<\/div>\n\t\t\t\t\t\t\t<\/div>\n\t\t<\/section>\n\t\t\t\t<section class=\"elementor-section elementor-top-section elementor-element elementor-element-6b31aad elementor-section-boxed elementor-section-height-default elementor-section-height-default\" data-id=\"6b31aad\" data-element_type=\"section\">\n\t\t\t\t\t\t<div class=\"elementor-container elementor-column-gap-default\">\n\t\t\t\t\t<div class=\"elementor-column elementor-col-100 elementor-top-column elementor-element elementor-element-ec220de\" data-id=\"ec220de\" data-element_type=\"column\">\n\t\t\t<div class=\"elementor-widget-wrap elementor-element-populated\">\n\t\t\t\t\t\t\t\t<div class=\"elementor-element elementor-element-342823f elementor-widget elementor-widget-text-editor\" data-id=\"342823f\" data-element_type=\"widget\" data-widget_type=\"text-editor.default\">\n\t\t\t\t<div class=\"elementor-widget-container\">\n\t\t\t\t\t\t\t<p><strong>&nbsp; &nbsp; &nbsp; &nbsp; &nbsp; &nbsp; &nbsp; &nbsp; &nbsp; &nbsp; &nbsp; &nbsp; &nbsp; &nbsp; &nbsp; &nbsp; &nbsp; &nbsp; &nbsp; &nbsp;Exposici\u00f3n colectiva&nbsp; &nbsp; &nbsp; &nbsp; &nbsp; &nbsp; &nbsp; &nbsp; &nbsp; &nbsp; &nbsp; &nbsp; &nbsp; &nbsp; &nbsp; &nbsp; &nbsp; &nbsp; &nbsp; &nbsp; &nbsp; &nbsp; &nbsp; &nbsp; &nbsp; &nbsp; &nbsp; &nbsp; &nbsp; &nbsp; &nbsp; &nbsp; &nbsp; &nbsp; &nbsp; &nbsp; &nbsp; &nbsp; &nbsp; &nbsp; Barcelona &#8211; Madrid&nbsp; &nbsp; &nbsp; &nbsp; &nbsp; &nbsp; &nbsp; &nbsp; &nbsp; &nbsp; &nbsp; &nbsp; &nbsp; &nbsp; &nbsp; &nbsp; &nbsp; &nbsp; &nbsp; &nbsp; &nbsp; &nbsp; &nbsp; &nbsp; &nbsp; &nbsp; &nbsp; &nbsp; &nbsp; &nbsp; &nbsp; &nbsp; &nbsp; &nbsp; &nbsp; &nbsp; &nbsp; &nbsp; &nbsp; &nbsp; &nbsp; &nbsp; &nbsp; &nbsp; &nbsp; &nbsp; &nbsp; &nbsp; &nbsp; &nbsp;&nbsp;<\/strong><\/p>\t\t\t\t\t\t<\/div>\n\t\t\t\t<\/div>\n\t\t\t\t<div class=\"elementor-element elementor-element-b1f2cdc elementor-widget elementor-widget-text-editor\" data-id=\"b1f2cdc\" data-element_type=\"widget\" data-widget_type=\"text-editor.default\">\n\t\t\t\t<div class=\"elementor-widget-container\">\n\t\t\t\t\t\t\t<p><strong>&nbsp; &nbsp; &nbsp; &nbsp;Barcelona: 2025.05.08 &#8211; 08.24.&nbsp; &nbsp; Madrid: 2025.08.28 &#8211; 09.10.<\/strong><span style=\"font-size: 1.125rem; font-weight: bold;\">&nbsp;<\/span><strong style=\"font-size: 1.125rem;\">&nbsp; &nbsp; &nbsp; &nbsp; &nbsp; &nbsp; &nbsp; &nbsp; &nbsp; &nbsp; &nbsp; &nbsp; &nbsp; &nbsp; &nbsp; &nbsp; &nbsp; &nbsp; &nbsp; &nbsp; &nbsp; &nbsp; &nbsp; &nbsp; &nbsp; &nbsp; &nbsp; &nbsp; &nbsp; &nbsp; &nbsp; &nbsp; &nbsp; &nbsp; &nbsp; &nbsp; &nbsp; &nbsp;<\/strong><strong style=\"font-size: 1.125rem;\">&nbsp; &nbsp; &nbsp; &nbsp; &nbsp; &nbsp; &nbsp; &nbsp; &nbsp; &nbsp; &nbsp; &nbsp; &nbsp; &nbsp; &nbsp; &nbsp; &nbsp; &nbsp; &nbsp; &nbsp; &nbsp; &nbsp; &nbsp; &nbsp; &nbsp; &nbsp; &nbsp; &nbsp; &nbsp; &nbsp; &nbsp; &nbsp; &nbsp; &nbsp; &nbsp; &nbsp; &nbsp; &nbsp; &nbsp; &nbsp; &nbsp;<\/strong><\/p>\t\t\t\t\t\t<\/div>\n\t\t\t\t<\/div>\n\t\t\t\t<div class=\"elementor-element elementor-element-3bb7cad elementor-widget elementor-widget-text-editor\" data-id=\"3bb7cad\" data-element_type=\"widget\" data-widget_type=\"text-editor.default\">\n\t\t\t\t<div class=\"elementor-widget-container\">\n\t\t\t\t\t\t\t\t\t\t\t\t\t<\/div>\n\t\t\t\t<\/div>\n\t\t\t\t\t<\/div>\n\t\t<\/div>\n\t\t\t\t\t\t\t<\/div>\n\t\t<\/section>\n\t\t\t\t<section class=\"elementor-section elementor-top-section elementor-element elementor-element-a971b24 elementor-section-boxed elementor-section-height-default elementor-section-height-default\" data-id=\"a971b24\" data-element_type=\"section\">\n\t\t\t\t\t\t<div class=\"elementor-container elementor-column-gap-default\">\n\t\t\t\t\t<div class=\"elementor-column elementor-col-100 elementor-top-column elementor-element elementor-element-355b1dd\" data-id=\"355b1dd\" data-element_type=\"column\">\n\t\t\t<div class=\"elementor-widget-wrap elementor-element-populated\">\n\t\t\t\t\t\t\t\t<div class=\"elementor-element elementor-element-1725a0e elementor-widget elementor-widget-image\" data-id=\"1725a0e\" data-element_type=\"widget\" data-widget_type=\"image.default\">\n\t\t\t\t<div class=\"elementor-widget-container\">\n\t\t\t<style>\/*! elementor - v3.15.0 - 31-07-2023 *\/\n.elementor-widget-image{text-align:center}.elementor-widget-image a{display:inline-block}.elementor-widget-image a img[src$=\".svg\"]{width:48px}.elementor-widget-image img{vertical-align:middle;display:inline-block}<\/style>\t\t\t\t\t\t\t\t\t\t\t\t<img loading=\"lazy\" decoding=\"async\" width=\"540\" height=\"675\" src=\"http:\/\/www.markoradler.hu\/wp-content\/uploads\/2025\/05\/106.png\" class=\"attachment-large size-large wp-image-953\" alt=\"\" srcset=\"http:\/\/www.markoradler.hu\/wp-content\/uploads\/2025\/05\/106.png 540w, http:\/\/www.markoradler.hu\/wp-content\/uploads\/2025\/05\/106-240x300.png 240w, http:\/\/www.markoradler.hu\/wp-content\/uploads\/2025\/05\/106-10x12.png 10w\" sizes=\"auto, (max-width: 540px) 100vw, 540px\" \/>\t\t\t\t\t\t\t\t\t\t\t\t\t\t\t<\/div>\n\t\t\t\t<\/div>\n\t\t\t\t\t<\/div>\n\t\t<\/div>\n\t\t\t\t\t\t\t<\/div>\n\t\t<\/section>\n\t\t\t\t<section class=\"elementor-section elementor-top-section elementor-element elementor-element-55ae196 elementor-section-boxed elementor-section-height-default elementor-section-height-default\" data-id=\"55ae196\" data-element_type=\"section\">\n\t\t\t\t\t\t<div class=\"elementor-container elementor-column-gap-default\">\n\t\t\t\t\t<div class=\"elementor-column elementor-col-100 elementor-top-column elementor-element elementor-element-050a620\" data-id=\"050a620\" data-element_type=\"column\">\n\t\t\t<div class=\"elementor-widget-wrap elementor-element-populated\">\n\t\t\t\t\t\t\t\t<div class=\"elementor-element elementor-element-3957dd8 elementor-widget elementor-widget-image\" data-id=\"3957dd8\" data-element_type=\"widget\" data-widget_type=\"image.default\">\n\t\t\t\t<div class=\"elementor-widget-container\">\n\t\t\t\t\t\t\t\t\t\t\t\t\t\t\t<img loading=\"lazy\" decoding=\"async\" width=\"920\" height=\"687\" src=\"http:\/\/www.markoradler.hu\/wp-content\/uploads\/2025\/05\/certi-1024x765.jpg\" class=\"attachment-large size-large wp-image-998\" alt=\"\" srcset=\"http:\/\/www.markoradler.hu\/wp-content\/uploads\/2025\/05\/certi-1024x765.jpg 1024w, http:\/\/www.markoradler.hu\/wp-content\/uploads\/2025\/05\/certi-300x224.jpg 300w, http:\/\/www.markoradler.hu\/wp-content\/uploads\/2025\/05\/certi-768x573.jpg 768w, http:\/\/www.markoradler.hu\/wp-content\/uploads\/2025\/05\/certi-16x12.jpg 16w, http:\/\/www.markoradler.hu\/wp-content\/uploads\/2025\/05\/certi.jpg 1125w\" sizes=\"auto, (max-width: 920px) 100vw, 920px\" \/>\t\t\t\t\t\t\t\t\t\t\t\t\t\t\t<\/div>\n\t\t\t\t<\/div>\n\t\t\t\t\t<\/div>\n\t\t<\/div>\n\t\t\t\t\t\t\t<\/div>\n\t\t<\/section>\n\t\t\t\t\t\t\t<\/div>","protected":false},"excerpt":{"rendered":"<p>&nbsp; &nbsp; &nbsp; &nbsp; &nbsp; &nbsp; &nbsp; &nbsp; &nbsp; &nbsp; &nbsp; &nbsp; &nbsp; &nbsp; &nbsp; &nbsp;THE MEAM HAll &nbsp; &nbsp; &nbsp; &nbsp; &nbsp; &nbsp; &nbsp; &nbsp; &nbsp; &nbsp; &nbsp; &nbsp;<\/p>\n<p class=\"more-link\"><a href=\"http:\/\/www.markoradler.hu\/en\/2025\/05\/09\/meam-museu-europeu-dart-modern\/\" class=\"readmore\">Continue reading&#8230;<span class=\"screen-reader-text\">MEAM &#8211; Museu Europeu d\u2019Art Modern<\/span><\/a><\/p>","protected":false},"author":2,"featured_media":0,"comment_status":"closed","ping_status":"closed","sticky":false,"template":"","format":"standard","meta":{"_monsterinsights_skip_tracking":false,"_monsterinsights_sitenote_active":false,"_monsterinsights_sitenote_note":"","_monsterinsights_sitenote_category":0,"footnotes":""},"categories":[7],"tags":[],"class_list":["post-952","post","type-post","status-publish","format-standard","hentry","category-hirek"],"yoast_head":"<!-- This site is optimized with the Yoast SEO plugin v20.12 - https:\/\/yoast.com\/wordpress\/plugins\/seo\/ -->\n<title>MEAM - Museu Europeu d\u2019Art Modern - Mark\u00f3-R\u00e1dler Elvira<\/title>\n<meta name=\"robots\" content=\"index, follow, max-snippet:-1, max-image-preview:large, max-video-preview:-1\" \/>\n<link rel=\"canonical\" href=\"http:\/\/www.markoradler.hu\/en\/2025\/05\/09\/meam-museu-europeu-dart-modern\/\" \/>\n<meta property=\"og:locale\" content=\"en_US\" \/>\n<meta property=\"og:type\" content=\"article\" \/>\n<meta property=\"og:title\" content=\"MEAM - Museu Europeu d\u2019Art Modern - Mark\u00f3-R\u00e1dler Elvira\" \/>\n<meta property=\"og:description\" content=\"&nbsp; &nbsp; &nbsp; &nbsp; &nbsp; &nbsp; &nbsp; &nbsp; &nbsp; &nbsp; &nbsp; &nbsp; &nbsp; &nbsp; &nbsp; &nbsp;THE MEAM HAll &nbsp; &nbsp; &nbsp; &nbsp; &nbsp; &nbsp; &nbsp; &nbsp; &nbsp; &nbsp; &nbsp; &nbsp;Continue reading...MEAM &#8211; Museu Europeu d\u2019Art Modern\" \/>\n<meta property=\"og:url\" content=\"http:\/\/www.markoradler.hu\/en\/2025\/05\/09\/meam-museu-europeu-dart-modern\/\" \/>\n<meta property=\"og:site_name\" content=\"Mark\u00f3-R\u00e1dler Elvira\" \/>\n<meta property=\"article:published_time\" content=\"2025-05-09T20:39:14+00:00\" \/>\n<meta property=\"article:modified_time\" content=\"2025-05-20T18:10:18+00:00\" \/>\n<meta property=\"og:image\" content=\"http:\/\/www.markoradler.hu\/wp-content\/uploads\/2025\/05\/106.png\" \/>\n<meta name=\"author\" content=\"Mark\u00f3-R\u00e1dler Elvira\" \/>\n<meta name=\"twitter:card\" content=\"summary_large_image\" \/>\n<meta name=\"twitter:label1\" content=\"Written by\" \/>\n\t<meta name=\"twitter:data1\" content=\"Mark\u00f3-R\u00e1dler Elvira\" \/>\n\t<meta name=\"twitter:label2\" content=\"Est. reading time\" \/>\n\t<meta name=\"twitter:data2\" content=\"1 minute\" \/>\n<script type=\"application\/ld+json\" class=\"yoast-schema-graph\">{\"@context\":\"https:\/\/schema.org\",\"@graph\":[{\"@type\":\"Article\",\"@id\":\"http:\/\/www.markoradler.hu\/2025\/05\/09\/meam-museu-europeu-dart-modern\/#article\",\"isPartOf\":{\"@id\":\"http:\/\/www.markoradler.hu\/2025\/05\/09\/meam-museu-europeu-dart-modern\/\"},\"author\":{\"name\":\"Mark\u00f3-R\u00e1dler Elvira\",\"@id\":\"https:\/\/www.markoradler.hu\/en\/#\/schema\/person\/52b04d78a94a728794ab5e8578f917e0\"},\"headline\":\"MEAM &#8211; Museu Europeu d\u2019Art Modern\",\"datePublished\":\"2025-05-09T20:39:14+00:00\",\"dateModified\":\"2025-05-20T18:10:18+00:00\",\"mainEntityOfPage\":{\"@id\":\"http:\/\/www.markoradler.hu\/2025\/05\/09\/meam-museu-europeu-dart-modern\/\"},\"wordCount\":233,\"publisher\":{\"@id\":\"https:\/\/www.markoradler.hu\/en\/#organization\"},\"articleSection\":[\"H\u00edrek\"],\"inLanguage\":\"en-US\"},{\"@type\":\"WebPage\",\"@id\":\"http:\/\/www.markoradler.hu\/2025\/05\/09\/meam-museu-europeu-dart-modern\/\",\"url\":\"http:\/\/www.markoradler.hu\/2025\/05\/09\/meam-museu-europeu-dart-modern\/\",\"name\":\"MEAM - Museu Europeu d\u2019Art Modern - Mark\u00f3-R\u00e1dler Elvira\",\"isPartOf\":{\"@id\":\"https:\/\/www.markoradler.hu\/en\/#website\"},\"datePublished\":\"2025-05-09T20:39:14+00:00\",\"dateModified\":\"2025-05-20T18:10:18+00:00\",\"breadcrumb\":{\"@id\":\"http:\/\/www.markoradler.hu\/2025\/05\/09\/meam-museu-europeu-dart-modern\/#breadcrumb\"},\"inLanguage\":\"en-US\",\"potentialAction\":[{\"@type\":\"ReadAction\",\"target\":[\"http:\/\/www.markoradler.hu\/2025\/05\/09\/meam-museu-europeu-dart-modern\/\"]}]},{\"@type\":\"BreadcrumbList\",\"@id\":\"http:\/\/www.markoradler.hu\/2025\/05\/09\/meam-museu-europeu-dart-modern\/#breadcrumb\",\"itemListElement\":[{\"@type\":\"ListItem\",\"position\":1,\"name\":\"Home\",\"item\":\"https:\/\/www.markoradler.hu\/en\/\"},{\"@type\":\"ListItem\",\"position\":2,\"name\":\"MEAM &#8211; Museu Europeu d\u2019Art Modern\"}]},{\"@type\":\"WebSite\",\"@id\":\"https:\/\/www.markoradler.hu\/en\/#website\",\"url\":\"https:\/\/www.markoradler.hu\/en\/\",\"name\":\"Mark\u00f3-R\u00e1dler Elvira\",\"description\":\"Fest\u0151m\u0171v\u00e9sz\",\"publisher\":{\"@id\":\"https:\/\/www.markoradler.hu\/en\/#organization\"},\"potentialAction\":[{\"@type\":\"SearchAction\",\"target\":{\"@type\":\"EntryPoint\",\"urlTemplate\":\"https:\/\/www.markoradler.hu\/en\/?s={search_term_string}\"},\"query-input\":\"required name=search_term_string\"}],\"inLanguage\":\"en-US\"},{\"@type\":\"Organization\",\"@id\":\"https:\/\/www.markoradler.hu\/en\/#organization\",\"name\":\"Mark\u00f3-R\u00e1dler Elvira\",\"url\":\"https:\/\/www.markoradler.hu\/en\/\",\"logo\":{\"@type\":\"ImageObject\",\"inLanguage\":\"en-US\",\"@id\":\"https:\/\/www.markoradler.hu\/en\/#\/schema\/logo\/image\/\",\"url\":\"http:\/\/www.markoradler.hu\/wp-content\/uploads\/2023\/07\/cropped-logo-szines-korvonal3.png\",\"contentUrl\":\"http:\/\/www.markoradler.hu\/wp-content\/uploads\/2023\/07\/cropped-logo-szines-korvonal3.png\",\"width\":250,\"height\":250,\"caption\":\"Mark\u00f3-R\u00e1dler Elvira\"},\"image\":{\"@id\":\"https:\/\/www.markoradler.hu\/en\/#\/schema\/logo\/image\/\"}},{\"@type\":\"Person\",\"@id\":\"https:\/\/www.markoradler.hu\/en\/#\/schema\/person\/52b04d78a94a728794ab5e8578f917e0\",\"name\":\"Mark\u00f3-R\u00e1dler Elvira\",\"url\":\"http:\/\/www.markoradler.hu\/en\/author\/markoradlerelvira\/\"}]}<\/script>\n<!-- \/ Yoast SEO plugin. -->","yoast_head_json":{"title":"MEAM - Museu Europeu d\u2019Art Modern - Mark\u00f3-R\u00e1dler Elvira","robots":{"index":"index","follow":"follow","max-snippet":"max-snippet:-1","max-image-preview":"max-image-preview:large","max-video-preview":"max-video-preview:-1"},"canonical":"http:\/\/www.markoradler.hu\/en\/2025\/05\/09\/meam-museu-europeu-dart-modern\/","og_locale":"en_US","og_type":"article","og_title":"MEAM - Museu Europeu d\u2019Art Modern - Mark\u00f3-R\u00e1dler Elvira","og_description":"&nbsp; &nbsp; &nbsp; &nbsp; &nbsp; &nbsp; &nbsp; &nbsp; &nbsp; &nbsp; &nbsp; &nbsp; &nbsp; &nbsp; &nbsp; &nbsp;THE MEAM HAll &nbsp; &nbsp; &nbsp; &nbsp; &nbsp; &nbsp; &nbsp; &nbsp; &nbsp; &nbsp; &nbsp; &nbsp;Continue reading...MEAM &#8211; Museu Europeu d\u2019Art Modern","og_url":"http:\/\/www.markoradler.hu\/en\/2025\/05\/09\/meam-museu-europeu-dart-modern\/","og_site_name":"Mark\u00f3-R\u00e1dler Elvira","article_published_time":"2025-05-09T20:39:14+00:00","article_modified_time":"2025-05-20T18:10:18+00:00","og_image":[{"url":"http:\/\/www.markoradler.hu\/wp-content\/uploads\/2025\/05\/106.png"}],"author":"Mark\u00f3-R\u00e1dler Elvira","twitter_card":"summary_large_image","twitter_misc":{"Written by":"Mark\u00f3-R\u00e1dler Elvira","Est. reading time":"1 minute"},"schema":{"@context":"https:\/\/schema.org","@graph":[{"@type":"Article","@id":"http:\/\/www.markoradler.hu\/2025\/05\/09\/meam-museu-europeu-dart-modern\/#article","isPartOf":{"@id":"http:\/\/www.markoradler.hu\/2025\/05\/09\/meam-museu-europeu-dart-modern\/"},"author":{"name":"Mark\u00f3-R\u00e1dler Elvira","@id":"https:\/\/www.markoradler.hu\/en\/#\/schema\/person\/52b04d78a94a728794ab5e8578f917e0"},"headline":"MEAM &#8211; Museu Europeu d\u2019Art Modern","datePublished":"2025-05-09T20:39:14+00:00","dateModified":"2025-05-20T18:10:18+00:00","mainEntityOfPage":{"@id":"http:\/\/www.markoradler.hu\/2025\/05\/09\/meam-museu-europeu-dart-modern\/"},"wordCount":233,"publisher":{"@id":"https:\/\/www.markoradler.hu\/en\/#organization"},"articleSection":["H\u00edrek"],"inLanguage":"en-US"},{"@type":"WebPage","@id":"http:\/\/www.markoradler.hu\/2025\/05\/09\/meam-museu-europeu-dart-modern\/","url":"http:\/\/www.markoradler.hu\/2025\/05\/09\/meam-museu-europeu-dart-modern\/","name":"MEAM - Museu Europeu d\u2019Art Modern - Mark\u00f3-R\u00e1dler Elvira","isPartOf":{"@id":"https:\/\/www.markoradler.hu\/en\/#website"},"datePublished":"2025-05-09T20:39:14+00:00","dateModified":"2025-05-20T18:10:18+00:00","breadcrumb":{"@id":"http:\/\/www.markoradler.hu\/2025\/05\/09\/meam-museu-europeu-dart-modern\/#breadcrumb"},"inLanguage":"en-US","potentialAction":[{"@type":"ReadAction","target":["http:\/\/www.markoradler.hu\/2025\/05\/09\/meam-museu-europeu-dart-modern\/"]}]},{"@type":"BreadcrumbList","@id":"http:\/\/www.markoradler.hu\/2025\/05\/09\/meam-museu-europeu-dart-modern\/#breadcrumb","itemListElement":[{"@type":"ListItem","position":1,"name":"Home","item":"https:\/\/www.markoradler.hu\/en\/"},{"@type":"ListItem","position":2,"name":"MEAM &#8211; Museu Europeu d\u2019Art Modern"}]},{"@type":"WebSite","@id":"https:\/\/www.markoradler.hu\/en\/#website","url":"https:\/\/www.markoradler.hu\/en\/","name":"Mark\u00f3-R\u00e1dler Elvira","description":"Fest\u0151m\u0171v\u00e9sz","publisher":{"@id":"https:\/\/www.markoradler.hu\/en\/#organization"},"potentialAction":[{"@type":"SearchAction","target":{"@type":"EntryPoint","urlTemplate":"https:\/\/www.markoradler.hu\/en\/?s={search_term_string}"},"query-input":"required name=search_term_string"}],"inLanguage":"en-US"},{"@type":"Organization","@id":"https:\/\/www.markoradler.hu\/en\/#organization","name":"Mark\u00f3-R\u00e1dler Elvira","url":"https:\/\/www.markoradler.hu\/en\/","logo":{"@type":"ImageObject","inLanguage":"en-US","@id":"https:\/\/www.markoradler.hu\/en\/#\/schema\/logo\/image\/","url":"http:\/\/www.markoradler.hu\/wp-content\/uploads\/2023\/07\/cropped-logo-szines-korvonal3.png","contentUrl":"http:\/\/www.markoradler.hu\/wp-content\/uploads\/2023\/07\/cropped-logo-szines-korvonal3.png","width":250,"height":250,"caption":"Mark\u00f3-R\u00e1dler Elvira"},"image":{"@id":"https:\/\/www.markoradler.hu\/en\/#\/schema\/logo\/image\/"}},{"@type":"Person","@id":"https:\/\/www.markoradler.hu\/en\/#\/schema\/person\/52b04d78a94a728794ab5e8578f917e0","name":"Mark\u00f3-R\u00e1dler Elvira","url":"http:\/\/www.markoradler.hu\/en\/author\/markoradlerelvira\/"}]}},"_links":{"self":[{"href":"http:\/\/www.markoradler.hu\/en\/wp-json\/wp\/v2\/posts\/952","targetHints":{"allow":["GET"]}}],"collection":[{"href":"http:\/\/www.markoradler.hu\/en\/wp-json\/wp\/v2\/posts"}],"about":[{"href":"http:\/\/www.markoradler.hu\/en\/wp-json\/wp\/v2\/types\/post"}],"author":[{"embeddable":true,"href":"http:\/\/www.markoradler.hu\/en\/wp-json\/wp\/v2\/users\/2"}],"replies":[{"embeddable":true,"href":"http:\/\/www.markoradler.hu\/en\/wp-json\/wp\/v2\/comments?post=952"}],"version-history":[{"count":40,"href":"http:\/\/www.markoradler.hu\/en\/wp-json\/wp\/v2\/posts\/952\/revisions"}],"predecessor-version":[{"id":1001,"href":"http:\/\/www.markoradler.hu\/en\/wp-json\/wp\/v2\/posts\/952\/revisions\/1001"}],"wp:attachment":[{"href":"http:\/\/www.markoradler.hu\/en\/wp-json\/wp\/v2\/media?parent=952"}],"wp:term":[{"taxonomy":"category","embeddable":true,"href":"http:\/\/www.markoradler.hu\/en\/wp-json\/wp\/v2\/categories?post=952"},{"taxonomy":"post_tag","embeddable":true,"href":"http:\/\/www.markoradler.hu\/en\/wp-json\/wp\/v2\/tags?post=952"}],"curies":[{"name":"wp","href":"https:\/\/api.w.org\/{rel}","templated":true}]}}