{"id":847,"date":"2025-01-17T22:09:06","date_gmt":"2025-01-17T21:09:06","guid":{"rendered":"https:\/\/www.markoradler.hu\/?p=847"},"modified":"2025-02-11T17:08:37","modified_gmt":"2025-02-11T16:08:37","slug":"art-expo-exhibition","status":"publish","type":"post","link":"http:\/\/www.markoradler.hu\/en\/2025\/01\/17\/art-expo-exhibition\/","title":{"rendered":"Art Expo Exhibition"},"content":{"rendered":"<table>\n<tbody>\n<tr>\n<td>\n<p style=\"text-align: center;\">06 Nov 2024 &#8211; 30 Nov 2024<\/p>\n<table>\n<tbody>\n<tr>\n<td style=\"text-align: left;\">\n<p style=\"text-align: center;\"><a href=\"https:\/\/maps.google.com\/maps\/place\/47.510033105463215,19.047978662453357\" target=\"_blank\" rel=\"noopener noreferrer\">David Art Gallery\u00a0<\/a><\/p>\n<p style=\"text-align: center;\">Falk Miksa u. 6-8 1055 Budapest Hungary<\/p>\n<\/td>\n<\/tr>\n<\/tbody>\n<\/table>\n<\/td>\n<\/tr>\n<\/tbody>\n<\/table>\n<style>\/*! elementor - v3.15.0 - 31-07-2023 *\/<br \/>\n.elementor-widget-image{text-align:center}.elementor-widget-image a{display:inline-block}.elementor-widget-image a img[src$=\".svg\"]{width:48px}.elementor-widget-image img{vertical-align:middle;display:inline-block}<\/style>\n<p><img loading=\"lazy\" decoding=\"async\" src=\"http:\/\/www.markoradler.hu\/wp-content\/uploads\/2025\/01\/art-expo-1024x889.jpeg\" sizes=\"auto, (max-width: 920px) 100vw, 920px\" srcset=\"https:\/\/www.markoradler.hu\/wp-content\/uploads\/2025\/01\/art-expo-1024x889.jpeg 1024w, https:\/\/www.markoradler.hu\/wp-content\/uploads\/2025\/01\/art-expo-300x260.jpeg 300w, https:\/\/www.markoradler.hu\/wp-content\/uploads\/2025\/01\/art-expo-768x667.jpeg 768w, https:\/\/www.markoradler.hu\/wp-content\/uploads\/2025\/01\/art-expo-1536x1334.jpeg 1536w, https:\/\/www.markoradler.hu\/wp-content\/uploads\/2025\/01\/art-expo-14x12.jpeg 14w, https:\/\/www.markoradler.hu\/wp-content\/uploads\/2025\/01\/art-expo.jpeg 1920w\" alt=\"\" width=\"920\" height=\"799\" \/><\/p>","protected":false},"excerpt":{"rendered":"<p>06 Nov 2024 &#8211; 30 Nov 2024 David Art Gallery\u00a0 Falk Miksa u. 6-8 1055 Budapest Hungary<\/p>","protected":false},"author":2,"featured_media":0,"comment_status":"closed","ping_status":"closed","sticky":false,"template":"","format":"standard","meta":{"_monsterinsights_skip_tracking":false,"_monsterinsights_sitenote_active":false,"_monsterinsights_sitenote_note":"","_monsterinsights_sitenote_category":0,"footnotes":""},"categories":[7],"tags":[],"class_list":["post-847","post","type-post","status-publish","format-standard","hentry","category-hirek"],"yoast_head":"<!-- This site is optimized with the Yoast SEO plugin v20.12 - https:\/\/yoast.com\/wordpress\/plugins\/seo\/ -->\n<title>Art Expo Exhibition - Mark\u00f3-R\u00e1dler Elvira<\/title>\n<meta name=\"robots\" content=\"index, follow, max-snippet:-1, max-image-preview:large, max-video-preview:-1\" \/>\n<link rel=\"canonical\" href=\"http:\/\/www.markoradler.hu\/en\/2025\/01\/17\/art-expo-exhibition\/\" \/>\n<meta property=\"og:locale\" content=\"en_US\" \/>\n<meta property=\"og:type\" content=\"article\" \/>\n<meta property=\"og:title\" content=\"Art Expo Exhibition - Mark\u00f3-R\u00e1dler Elvira\" \/>\n<meta property=\"og:description\" content=\"06 Nov 2024 &#8211; 30 Nov 2024 David Art Gallery\u00a0 Falk Miksa u. 6-8 1055 Budapest Hungary\" \/>\n<meta property=\"og:url\" content=\"http:\/\/www.markoradler.hu\/en\/2025\/01\/17\/art-expo-exhibition\/\" \/>\n<meta property=\"og:site_name\" content=\"Mark\u00f3-R\u00e1dler Elvira\" \/>\n<meta property=\"article:published_time\" content=\"2025-01-17T21:09:06+00:00\" \/>\n<meta property=\"article:modified_time\" content=\"2025-02-11T16:08:37+00:00\" \/>\n<meta property=\"og:image\" content=\"http:\/\/www.markoradler.hu\/wp-content\/uploads\/2025\/01\/art-expo-1024x889.jpeg\" \/>\n<meta name=\"author\" content=\"Mark\u00f3-R\u00e1dler Elvira\" \/>\n<meta name=\"twitter:card\" content=\"summary_large_image\" \/>\n<meta name=\"twitter:label1\" content=\"Written by\" \/>\n\t<meta name=\"twitter:data1\" content=\"Mark\u00f3-R\u00e1dler Elvira\" \/>\n\t<meta name=\"twitter:label2\" content=\"Est. reading time\" \/>\n\t<meta name=\"twitter:data2\" content=\"1 minute\" \/>\n<script type=\"application\/ld+json\" class=\"yoast-schema-graph\">{\"@context\":\"https:\/\/schema.org\",\"@graph\":[{\"@type\":\"Article\",\"@id\":\"https:\/\/www.markoradler.hu\/2025\/01\/17\/art-expo-exhibition\/#article\",\"isPartOf\":{\"@id\":\"https:\/\/www.markoradler.hu\/2025\/01\/17\/art-expo-exhibition\/\"},\"author\":{\"name\":\"Mark\u00f3-R\u00e1dler Elvira\",\"@id\":\"https:\/\/www.markoradler.hu\/en\/#\/schema\/person\/52b04d78a94a728794ab5e8578f917e0\"},\"headline\":\"Art Expo Exhibition\",\"datePublished\":\"2025-01-17T21:09:06+00:00\",\"dateModified\":\"2025-02-11T16:08:37+00:00\",\"mainEntityOfPage\":{\"@id\":\"https:\/\/www.markoradler.hu\/2025\/01\/17\/art-expo-exhibition\/\"},\"wordCount\":15,\"publisher\":{\"@id\":\"https:\/\/www.markoradler.hu\/en\/#organization\"},\"articleSection\":[\"H\u00edrek\"],\"inLanguage\":\"en-US\"},{\"@type\":\"WebPage\",\"@id\":\"https:\/\/www.markoradler.hu\/2025\/01\/17\/art-expo-exhibition\/\",\"url\":\"https:\/\/www.markoradler.hu\/2025\/01\/17\/art-expo-exhibition\/\",\"name\":\"Art Expo Exhibition - Mark\u00f3-R\u00e1dler Elvira\",\"isPartOf\":{\"@id\":\"https:\/\/www.markoradler.hu\/en\/#website\"},\"datePublished\":\"2025-01-17T21:09:06+00:00\",\"dateModified\":\"2025-02-11T16:08:37+00:00\",\"breadcrumb\":{\"@id\":\"https:\/\/www.markoradler.hu\/2025\/01\/17\/art-expo-exhibition\/#breadcrumb\"},\"inLanguage\":\"en-US\",\"potentialAction\":[{\"@type\":\"ReadAction\",\"target\":[\"https:\/\/www.markoradler.hu\/2025\/01\/17\/art-expo-exhibition\/\"]}]},{\"@type\":\"BreadcrumbList\",\"@id\":\"https:\/\/www.markoradler.hu\/2025\/01\/17\/art-expo-exhibition\/#breadcrumb\",\"itemListElement\":[{\"@type\":\"ListItem\",\"position\":1,\"name\":\"Home\",\"item\":\"https:\/\/www.markoradler.hu\/en\/\"},{\"@type\":\"ListItem\",\"position\":2,\"name\":\"Art Expo Exhibition\"}]},{\"@type\":\"WebSite\",\"@id\":\"https:\/\/www.markoradler.hu\/en\/#website\",\"url\":\"https:\/\/www.markoradler.hu\/en\/\",\"name\":\"Mark\u00f3-R\u00e1dler Elvira\",\"description\":\"Fest\u0151m\u0171v\u00e9sz\",\"publisher\":{\"@id\":\"https:\/\/www.markoradler.hu\/en\/#organization\"},\"potentialAction\":[{\"@type\":\"SearchAction\",\"target\":{\"@type\":\"EntryPoint\",\"urlTemplate\":\"https:\/\/www.markoradler.hu\/en\/?s={search_term_string}\"},\"query-input\":\"required name=search_term_string\"}],\"inLanguage\":\"en-US\"},{\"@type\":\"Organization\",\"@id\":\"https:\/\/www.markoradler.hu\/en\/#organization\",\"name\":\"Mark\u00f3-R\u00e1dler Elvira\",\"url\":\"https:\/\/www.markoradler.hu\/en\/\",\"logo\":{\"@type\":\"ImageObject\",\"inLanguage\":\"en-US\",\"@id\":\"https:\/\/www.markoradler.hu\/en\/#\/schema\/logo\/image\/\",\"url\":\"http:\/\/www.markoradler.hu\/wp-content\/uploads\/2023\/07\/cropped-logo-szines-korvonal3.png\",\"contentUrl\":\"http:\/\/www.markoradler.hu\/wp-content\/uploads\/2023\/07\/cropped-logo-szines-korvonal3.png\",\"width\":250,\"height\":250,\"caption\":\"Mark\u00f3-R\u00e1dler Elvira\"},\"image\":{\"@id\":\"https:\/\/www.markoradler.hu\/en\/#\/schema\/logo\/image\/\"}},{\"@type\":\"Person\",\"@id\":\"https:\/\/www.markoradler.hu\/en\/#\/schema\/person\/52b04d78a94a728794ab5e8578f917e0\",\"name\":\"Mark\u00f3-R\u00e1dler Elvira\",\"url\":\"http:\/\/www.markoradler.hu\/en\/author\/markoradlerelvira\/\"}]}<\/script>\n<!-- \/ Yoast SEO plugin. -->","yoast_head_json":{"title":"Art Expo Exhibition - Mark\u00f3-R\u00e1dler Elvira","robots":{"index":"index","follow":"follow","max-snippet":"max-snippet:-1","max-image-preview":"max-image-preview:large","max-video-preview":"max-video-preview:-1"},"canonical":"http:\/\/www.markoradler.hu\/en\/2025\/01\/17\/art-expo-exhibition\/","og_locale":"en_US","og_type":"article","og_title":"Art Expo Exhibition - Mark\u00f3-R\u00e1dler Elvira","og_description":"06 Nov 2024 &#8211; 30 Nov 2024 David Art Gallery\u00a0 Falk Miksa u. 6-8 1055 Budapest Hungary","og_url":"http:\/\/www.markoradler.hu\/en\/2025\/01\/17\/art-expo-exhibition\/","og_site_name":"Mark\u00f3-R\u00e1dler Elvira","article_published_time":"2025-01-17T21:09:06+00:00","article_modified_time":"2025-02-11T16:08:37+00:00","og_image":[{"url":"http:\/\/www.markoradler.hu\/wp-content\/uploads\/2025\/01\/art-expo-1024x889.jpeg"}],"author":"Mark\u00f3-R\u00e1dler Elvira","twitter_card":"summary_large_image","twitter_misc":{"Written by":"Mark\u00f3-R\u00e1dler Elvira","Est. reading time":"1 minute"},"schema":{"@context":"https:\/\/schema.org","@graph":[{"@type":"Article","@id":"https:\/\/www.markoradler.hu\/2025\/01\/17\/art-expo-exhibition\/#article","isPartOf":{"@id":"https:\/\/www.markoradler.hu\/2025\/01\/17\/art-expo-exhibition\/"},"author":{"name":"Mark\u00f3-R\u00e1dler Elvira","@id":"https:\/\/www.markoradler.hu\/en\/#\/schema\/person\/52b04d78a94a728794ab5e8578f917e0"},"headline":"Art Expo Exhibition","datePublished":"2025-01-17T21:09:06+00:00","dateModified":"2025-02-11T16:08:37+00:00","mainEntityOfPage":{"@id":"https:\/\/www.markoradler.hu\/2025\/01\/17\/art-expo-exhibition\/"},"wordCount":15,"publisher":{"@id":"https:\/\/www.markoradler.hu\/en\/#organization"},"articleSection":["H\u00edrek"],"inLanguage":"en-US"},{"@type":"WebPage","@id":"https:\/\/www.markoradler.hu\/2025\/01\/17\/art-expo-exhibition\/","url":"https:\/\/www.markoradler.hu\/2025\/01\/17\/art-expo-exhibition\/","name":"Art Expo Exhibition - Mark\u00f3-R\u00e1dler Elvira","isPartOf":{"@id":"https:\/\/www.markoradler.hu\/en\/#website"},"datePublished":"2025-01-17T21:09:06+00:00","dateModified":"2025-02-11T16:08:37+00:00","breadcrumb":{"@id":"https:\/\/www.markoradler.hu\/2025\/01\/17\/art-expo-exhibition\/#breadcrumb"},"inLanguage":"en-US","potentialAction":[{"@type":"ReadAction","target":["https:\/\/www.markoradler.hu\/2025\/01\/17\/art-expo-exhibition\/"]}]},{"@type":"BreadcrumbList","@id":"https:\/\/www.markoradler.hu\/2025\/01\/17\/art-expo-exhibition\/#breadcrumb","itemListElement":[{"@type":"ListItem","position":1,"name":"Home","item":"https:\/\/www.markoradler.hu\/en\/"},{"@type":"ListItem","position":2,"name":"Art Expo Exhibition"}]},{"@type":"WebSite","@id":"https:\/\/www.markoradler.hu\/en\/#website","url":"https:\/\/www.markoradler.hu\/en\/","name":"Mark\u00f3-R\u00e1dler Elvira","description":"Fest\u0151m\u0171v\u00e9sz","publisher":{"@id":"https:\/\/www.markoradler.hu\/en\/#organization"},"potentialAction":[{"@type":"SearchAction","target":{"@type":"EntryPoint","urlTemplate":"https:\/\/www.markoradler.hu\/en\/?s={search_term_string}"},"query-input":"required name=search_term_string"}],"inLanguage":"en-US"},{"@type":"Organization","@id":"https:\/\/www.markoradler.hu\/en\/#organization","name":"Mark\u00f3-R\u00e1dler Elvira","url":"https:\/\/www.markoradler.hu\/en\/","logo":{"@type":"ImageObject","inLanguage":"en-US","@id":"https:\/\/www.markoradler.hu\/en\/#\/schema\/logo\/image\/","url":"http:\/\/www.markoradler.hu\/wp-content\/uploads\/2023\/07\/cropped-logo-szines-korvonal3.png","contentUrl":"http:\/\/www.markoradler.hu\/wp-content\/uploads\/2023\/07\/cropped-logo-szines-korvonal3.png","width":250,"height":250,"caption":"Mark\u00f3-R\u00e1dler Elvira"},"image":{"@id":"https:\/\/www.markoradler.hu\/en\/#\/schema\/logo\/image\/"}},{"@type":"Person","@id":"https:\/\/www.markoradler.hu\/en\/#\/schema\/person\/52b04d78a94a728794ab5e8578f917e0","name":"Mark\u00f3-R\u00e1dler Elvira","url":"http:\/\/www.markoradler.hu\/en\/author\/markoradlerelvira\/"}]}},"_links":{"self":[{"href":"http:\/\/www.markoradler.hu\/en\/wp-json\/wp\/v2\/posts\/847","targetHints":{"allow":["GET"]}}],"collection":[{"href":"http:\/\/www.markoradler.hu\/en\/wp-json\/wp\/v2\/posts"}],"about":[{"href":"http:\/\/www.markoradler.hu\/en\/wp-json\/wp\/v2\/types\/post"}],"author":[{"embeddable":true,"href":"http:\/\/www.markoradler.hu\/en\/wp-json\/wp\/v2\/users\/2"}],"replies":[{"embeddable":true,"href":"http:\/\/www.markoradler.hu\/en\/wp-json\/wp\/v2\/comments?post=847"}],"version-history":[{"count":8,"href":"http:\/\/www.markoradler.hu\/en\/wp-json\/wp\/v2\/posts\/847\/revisions"}],"predecessor-version":[{"id":934,"href":"http:\/\/www.markoradler.hu\/en\/wp-json\/wp\/v2\/posts\/847\/revisions\/934"}],"wp:attachment":[{"href":"http:\/\/www.markoradler.hu\/en\/wp-json\/wp\/v2\/media?parent=847"}],"wp:term":[{"taxonomy":"category","embeddable":true,"href":"http:\/\/www.markoradler.hu\/en\/wp-json\/wp\/v2\/categories?post=847"},{"taxonomy":"post_tag","embeddable":true,"href":"http:\/\/www.markoradler.hu\/en\/wp-json\/wp\/v2\/tags?post=847"}],"curies":[{"name":"wp","href":"https:\/\/api.w.org\/{rel}","templated":true}]}}