{"id":792,"date":"2024-06-14T22:53:45","date_gmt":"2024-06-14T20:53:45","guid":{"rendered":"https:\/\/www.markoradler.hu\/?p=792"},"modified":"2024-06-17T19:58:47","modified_gmt":"2024-06-17T17:58:47","slug":"the-twelve-art-biennale","status":"publish","type":"post","link":"http:\/\/www.markoradler.hu\/en\/2024\/06\/14\/the-twelve-art-biennale\/","title":{"rendered":"The Twelve Art Biennale"},"content":{"rendered":"<div data-elementor-type=\"wp-post\" data-elementor-id=\"792\" class=\"elementor elementor-792\">\n\t\t\t\t\t\t\t\t\t<section class=\"elementor-section elementor-top-section elementor-element elementor-element-d7e40ff elementor-section-boxed elementor-section-height-default elementor-section-height-default\" data-id=\"d7e40ff\" data-element_type=\"section\">\n\t\t\t\t\t\t<div class=\"elementor-container elementor-column-gap-default\">\n\t\t\t\t\t<div class=\"elementor-column elementor-col-100 elementor-top-column elementor-element elementor-element-ea6eb7c\" data-id=\"ea6eb7c\" data-element_type=\"column\">\n\t\t\t<div class=\"elementor-widget-wrap elementor-element-populated\">\n\t\t\t\t\t\t\t\t<div class=\"elementor-element elementor-element-f53c810 elementor-widget elementor-widget-image\" data-id=\"f53c810\" data-element_type=\"widget\" data-widget_type=\"image.default\">\n\t\t\t\t<div class=\"elementor-widget-container\">\n\t\t\t<style>\/*! elementor - v3.15.0 - 31-07-2023 *\/\n.elementor-widget-image{text-align:center}.elementor-widget-image a{display:inline-block}.elementor-widget-image a img[src$=\".svg\"]{width:48px}.elementor-widget-image img{vertical-align:middle;display:inline-block}<\/style>\t\t\t\t\t\t\t\t\t\t\t\t<img loading=\"lazy\" decoding=\"async\" width=\"766\" height=\"1024\" src=\"http:\/\/www.markoradler.hu\/wp-content\/uploads\/2024\/06\/MS-766x1024.jpg\" class=\"attachment-large size-large wp-image-767\" alt=\"\" srcset=\"http:\/\/www.markoradler.hu\/wp-content\/uploads\/2024\/06\/MS-766x1024.jpg 766w, http:\/\/www.markoradler.hu\/wp-content\/uploads\/2024\/06\/MS-224x300.jpg 224w, http:\/\/www.markoradler.hu\/wp-content\/uploads\/2024\/06\/MS-768x1026.jpg 768w, http:\/\/www.markoradler.hu\/wp-content\/uploads\/2024\/06\/MS-1149x1536.jpg 1149w, http:\/\/www.markoradler.hu\/wp-content\/uploads\/2024\/06\/MS-1533x2048.jpg 1533w, http:\/\/www.markoradler.hu\/wp-content\/uploads\/2024\/06\/MS-9x12.jpg 9w, http:\/\/www.markoradler.hu\/wp-content\/uploads\/2024\/06\/MS-scaled.jpg 1916w\" sizes=\"auto, (max-width: 766px) 100vw, 766px\" \/>\t\t\t\t\t\t\t\t\t\t\t\t\t\t\t<\/div>\n\t\t\t\t<\/div>\n\t\t\t\t<div class=\"elementor-element elementor-element-2172650 elementor-widget elementor-widget-text-editor\" data-id=\"2172650\" data-element_type=\"widget\" data-widget_type=\"text-editor.default\">\n\t\t\t\t<div class=\"elementor-widget-container\">\n\t\t\t<style>\/*! elementor - v3.15.0 - 31-07-2023 *\/\n.elementor-widget-text-editor.elementor-drop-cap-view-stacked .elementor-drop-cap{background-color:#69727d;color:#fff}.elementor-widget-text-editor.elementor-drop-cap-view-framed .elementor-drop-cap{color:#69727d;border:3px solid;background-color:transparent}.elementor-widget-text-editor:not(.elementor-drop-cap-view-default) .elementor-drop-cap{margin-top:8px}.elementor-widget-text-editor:not(.elementor-drop-cap-view-default) .elementor-drop-cap-letter{width:1em;height:1em}.elementor-widget-text-editor .elementor-drop-cap{float:left;text-align:center;line-height:1;font-size:50px}.elementor-widget-text-editor .elementor-drop-cap-letter{display:inline-block}<\/style>\t\t\t\t<p>Tisztelet a Mestereknek I. \/ Homage to the\u00a0 Masters I.<\/p><p>Bondage<\/p><p>160x120cm olaj, v\u00e1szon \/ oil, canvas<\/p><p class=\"cvGsUA direction-ltr align-start para-style-body\"><span class=\"OYPEnA text-decoration-none text-strikethrough-none\">Lelki kapcsol\u00f3d\u00e1sok j\u00f6nnek l\u00e9tre t\u00e9ren \u00e9s id\u0151n kereszt\u00fcl. Ezek a lelki fon\u00f3d\u00e1sok megv\u00e1ltoztatj\u00e1k a l\u00e9tez\u00e9s folyamat\u00e1t. Az \u00e1raml\u00f3 energi\u00e1k olyan csatorn\u00e1kat nyitnak meg, amik addig rejtve maradtak. A pillanat t\u00f6rtr\u00e9sze alatt megv\u00e1ltoztatj\u00e1k az egy\u00e9n eg\u00e9sz \u00e9let\u00e9t. A lelki pontokon val\u00f3 \u00f6sszekapcsol\u00f3d\u00e1s monument\u00e1lis energiaforr\u00e1st hoz l\u00e9tre. Ez az er\u0151forr\u00e1s, <\/span><span class=\"OYPEnA text-decoration-none text-strikethrough-none\">amib\u0151l \u00e9p\u00edtkezni lehet. S\u00e1ndorfi Istv\u00e1n m\u0171v\u00e9szete sz\u00e1momra egy igazod\u00e1si pont, amihez mindig visszat\u00e9rek.<\/span><\/p><p class=\"cvGsUA direction-ltr align-start para-style-body\"><span class=\"OYPEnA text-decoration-none text-strikethrough-none\">Spiritual connections are created across space and time. These spiritual entanglements change the course of existence. <\/span><span class=\"OYPEnA text-decoration-none text-strikethrough-none\">The flowing energies open channels that have remained hidden until then. They change an individual&#8217;s entire life in a split second. Connecting at spiritual points creates a monumental source of energy. This is the resource from which to build. <\/span><span class=\"OYPEnA text-decoration-none text-strikethrough-none\">Istv\u00e1n S\u00e1ndorfi&#8217;s art is a point of alignment for me, to which I always return.<\/span><\/p><p>\u00a0<\/p>\t\t\t\t\t\t<\/div>\n\t\t\t\t<\/div>\n\t\t\t\t\t<\/div>\n\t\t<\/div>\n\t\t\t\t\t\t\t<\/div>\n\t\t<\/section>\n\t\t\t\t<section class=\"elementor-section elementor-top-section elementor-element elementor-element-110c026 elementor-section-boxed elementor-section-height-default elementor-section-height-default\" data-id=\"110c026\" data-element_type=\"section\">\n\t\t\t\t\t\t<div class=\"elementor-container elementor-column-gap-default\">\n\t\t\t\t\t<div class=\"elementor-column elementor-col-100 elementor-top-column elementor-element elementor-element-3b3313d\" data-id=\"3b3313d\" data-element_type=\"column\">\n\t\t\t<div class=\"elementor-widget-wrap elementor-element-populated\">\n\t\t\t\t\t\t\t\t<div class=\"elementor-element elementor-element-abaedc2 elementor-widget elementor-widget-image\" data-id=\"abaedc2\" data-element_type=\"widget\" data-widget_type=\"image.default\">\n\t\t\t\t<div class=\"elementor-widget-container\">\n\t\t\t\t\t\t\t\t\t\t\t\t\t\t\t<img loading=\"lazy\" decoding=\"async\" width=\"768\" height=\"1024\" src=\"http:\/\/www.markoradler.hu\/wp-content\/uploads\/2024\/06\/MMH-jo-768x1024.jpg\" class=\"attachment-large size-large wp-image-768\" alt=\"\" srcset=\"http:\/\/www.markoradler.hu\/wp-content\/uploads\/2024\/06\/MMH-jo-768x1024.jpg 768w, http:\/\/www.markoradler.hu\/wp-content\/uploads\/2024\/06\/MMH-jo-225x300.jpg 225w, http:\/\/www.markoradler.hu\/wp-content\/uploads\/2024\/06\/MMH-jo-1152x1536.jpg 1152w, http:\/\/www.markoradler.hu\/wp-content\/uploads\/2024\/06\/MMH-jo-9x12.jpg 9w, http:\/\/www.markoradler.hu\/wp-content\/uploads\/2024\/06\/MMH-jo-640x853.jpg 640w, http:\/\/www.markoradler.hu\/wp-content\/uploads\/2024\/06\/MMH-jo.jpg 1200w\" sizes=\"auto, (max-width: 768px) 100vw, 768px\" \/>\t\t\t\t\t\t\t\t\t\t\t\t\t\t\t<\/div>\n\t\t\t\t<\/div>\n\t\t\t\t\t<\/div>\n\t\t<\/div>\n\t\t\t\t\t\t\t<\/div>\n\t\t<\/section>\n\t\t\t\t<section class=\"elementor-section elementor-top-section elementor-element elementor-element-aa88178 elementor-section-boxed elementor-section-height-default elementor-section-height-default\" data-id=\"aa88178\" data-element_type=\"section\">\n\t\t\t\t\t\t<div class=\"elementor-container elementor-column-gap-default\">\n\t\t\t\t\t<div class=\"elementor-column elementor-col-100 elementor-top-column elementor-element elementor-element-0ab15db\" data-id=\"0ab15db\" data-element_type=\"column\">\n\t\t\t<div class=\"elementor-widget-wrap elementor-element-populated\">\n\t\t\t\t\t\t\t\t<div class=\"elementor-element elementor-element-f8667a5 elementor-widget elementor-widget-text-editor\" data-id=\"f8667a5\" data-element_type=\"widget\" data-widget_type=\"text-editor.default\">\n\t\t\t\t<div class=\"elementor-widget-container\">\n\t\t\t\t\t\t\t<p>Tisztelet a Mestereknek II. \/ Homage to the Masters II.<\/p><p>Blackout<\/p><p>160&#215;120 cm olaj, v\u00e1szon \/ oil, canvas<\/p><p class=\"cvGsUA direction-ltr align-start para-style-body\"><span class=\"OYPEnA text-decoration-none text-strikethrough-none\">Gottfried Helnwein m\u0171v\u00e9szete olyan m\u00e9ly \u00e9rzelmi hat\u00e1st v\u00e1lt ki bennem, olyan csatorn\u00e1kat k\u00e9pes megnyitni,\u00a0 ami <\/span><span class=\"OYPEnA text-decoration-none text-strikethrough-none\">felsz\u00ednre hozza a l\u00e9lek f\u00e9ltett, felt\u00e1ratlan r\u00e9tegeit. Mindamellett a felsz\u00ednre t\u00f6r\u0151 energia megteremti sz\u00e1momra a bens\u0151 egyens\u00falyi \u00e1llapotot.<\/span><\/p><p class=\"cvGsUA direction-ltr align-start para-style-body\"><span class=\"OYPEnA text-decoration-none text-strikethrough-none\">Gottfried Helnwein&#8217;s art causes such a deep emotional impact in me, it can open channels that bring to the surface the feared, unexplored layers of the soul. In addition, the energy breaking to the surface creates a state of inner balance <\/span><span class=\"OYPEnA text-decoration-none text-strikethrough-none\">for me.<\/span><\/p>\t\t\t\t\t\t<\/div>\n\t\t\t\t<\/div>\n\t\t\t\t\t<\/div>\n\t\t<\/div>\n\t\t\t\t\t\t\t<\/div>\n\t\t<\/section>\n\t\t\t\t\t\t\t<\/div>","protected":false},"excerpt":{"rendered":"<p>Tisztelet a Mestereknek I. \/ Homage to the\u00a0 Masters I. Bondage 160x120cm olaj, v\u00e1szon \/ oil, canvas Lelki kapcsol\u00f3d\u00e1sok j\u00f6nnek l\u00e9tre t\u00e9ren \u00e9s id\u0151n kereszt\u00fcl. Ezek a lelki fon\u00f3d\u00e1sok megv\u00e1ltoztatj\u00e1k<\/p>\n<p class=\"more-link\"><a href=\"http:\/\/www.markoradler.hu\/en\/2024\/06\/14\/the-twelve-art-biennale\/\" class=\"readmore\">Continue reading&#8230;<span class=\"screen-reader-text\">The Twelve Art Biennale<\/span><\/a><\/p>","protected":false},"author":2,"featured_media":0,"comment_status":"closed","ping_status":"closed","sticky":false,"template":"","format":"standard","meta":{"_monsterinsights_skip_tracking":false,"_monsterinsights_sitenote_active":false,"_monsterinsights_sitenote_note":"","_monsterinsights_sitenote_category":0,"footnotes":""},"categories":[7],"tags":[],"class_list":["post-792","post","type-post","status-publish","format-standard","hentry","category-hirek"],"yoast_head":"<!-- This site is optimized with the Yoast SEO plugin v20.12 - https:\/\/yoast.com\/wordpress\/plugins\/seo\/ -->\n<title>The Twelve Art Biennale - Mark\u00f3-R\u00e1dler Elvira<\/title>\n<meta name=\"robots\" content=\"index, follow, max-snippet:-1, max-image-preview:large, max-video-preview:-1\" \/>\n<link rel=\"canonical\" href=\"https:\/\/www.markoradler.hu\/en\/2024\/06\/14\/the-twelve-art-biennale\/\" \/>\n<meta property=\"og:locale\" content=\"en_US\" \/>\n<meta property=\"og:type\" content=\"article\" \/>\n<meta property=\"og:title\" content=\"The Twelve Art Biennale - Mark\u00f3-R\u00e1dler Elvira\" \/>\n<meta property=\"og:description\" content=\"Tisztelet a Mestereknek I. \/ Homage to the\u00a0 Masters I. Bondage 160x120cm olaj, v\u00e1szon \/ oil, canvas Lelki kapcsol\u00f3d\u00e1sok j\u00f6nnek l\u00e9tre t\u00e9ren \u00e9s id\u0151n kereszt\u00fcl. Ezek a lelki fon\u00f3d\u00e1sok megv\u00e1ltoztatj\u00e1kContinue reading...The Twelve Art Biennale\" \/>\n<meta property=\"og:url\" content=\"https:\/\/www.markoradler.hu\/en\/2024\/06\/14\/the-twelve-art-biennale\/\" \/>\n<meta property=\"og:site_name\" content=\"Mark\u00f3-R\u00e1dler Elvira\" \/>\n<meta property=\"article:published_time\" content=\"2024-06-14T20:53:45+00:00\" \/>\n<meta property=\"article:modified_time\" content=\"2024-06-17T17:58:47+00:00\" \/>\n<meta property=\"og:image\" content=\"http:\/\/www.markoradler.hu\/wp-content\/uploads\/2024\/06\/MS-766x1024.jpg\" \/>\n<meta name=\"author\" content=\"Mark\u00f3-R\u00e1dler Elvira\" \/>\n<meta name=\"twitter:card\" content=\"summary_large_image\" \/>\n<meta name=\"twitter:label1\" content=\"Written by\" \/>\n\t<meta name=\"twitter:data1\" content=\"Mark\u00f3-R\u00e1dler Elvira\" \/>\n\t<meta name=\"twitter:label2\" content=\"Est. reading time\" \/>\n\t<meta name=\"twitter:data2\" content=\"2 minutes\" \/>\n<script type=\"application\/ld+json\" class=\"yoast-schema-graph\">{\"@context\":\"https:\/\/schema.org\",\"@graph\":[{\"@type\":\"Article\",\"@id\":\"https:\/\/www.markoradler.hu\/en\/2024\/06\/14\/the-twelve-art-biennale\/#article\",\"isPartOf\":{\"@id\":\"https:\/\/www.markoradler.hu\/en\/2024\/06\/14\/the-twelve-art-biennale\/\"},\"author\":{\"name\":\"Mark\u00f3-R\u00e1dler Elvira\",\"@id\":\"https:\/\/www.markoradler.hu\/en\/#\/schema\/person\/52b04d78a94a728794ab5e8578f917e0\"},\"headline\":\"The Twelve Art Biennale\",\"datePublished\":\"2024-06-14T20:53:45+00:00\",\"dateModified\":\"2024-06-17T17:58:47+00:00\",\"mainEntityOfPage\":{\"@id\":\"https:\/\/www.markoradler.hu\/en\/2024\/06\/14\/the-twelve-art-biennale\/\"},\"wordCount\":305,\"publisher\":{\"@id\":\"https:\/\/www.markoradler.hu\/en\/#organization\"},\"articleSection\":[\"H\u00edrek\"],\"inLanguage\":\"en-US\"},{\"@type\":\"WebPage\",\"@id\":\"https:\/\/www.markoradler.hu\/en\/2024\/06\/14\/the-twelve-art-biennale\/\",\"url\":\"https:\/\/www.markoradler.hu\/en\/2024\/06\/14\/the-twelve-art-biennale\/\",\"name\":\"The Twelve Art Biennale - Mark\u00f3-R\u00e1dler Elvira\",\"isPartOf\":{\"@id\":\"https:\/\/www.markoradler.hu\/en\/#website\"},\"datePublished\":\"2024-06-14T20:53:45+00:00\",\"dateModified\":\"2024-06-17T17:58:47+00:00\",\"breadcrumb\":{\"@id\":\"https:\/\/www.markoradler.hu\/en\/2024\/06\/14\/the-twelve-art-biennale\/#breadcrumb\"},\"inLanguage\":\"en-US\",\"potentialAction\":[{\"@type\":\"ReadAction\",\"target\":[\"https:\/\/www.markoradler.hu\/en\/2024\/06\/14\/the-twelve-art-biennale\/\"]}]},{\"@type\":\"BreadcrumbList\",\"@id\":\"https:\/\/www.markoradler.hu\/en\/2024\/06\/14\/the-twelve-art-biennale\/#breadcrumb\",\"itemListElement\":[{\"@type\":\"ListItem\",\"position\":1,\"name\":\"Home\",\"item\":\"https:\/\/www.markoradler.hu\/en\/\"},{\"@type\":\"ListItem\",\"position\":2,\"name\":\"The Twelve Art Biennale\"}]},{\"@type\":\"WebSite\",\"@id\":\"https:\/\/www.markoradler.hu\/en\/#website\",\"url\":\"https:\/\/www.markoradler.hu\/en\/\",\"name\":\"Mark\u00f3-R\u00e1dler Elvira\",\"description\":\"Fest\u0151m\u0171v\u00e9sz\",\"publisher\":{\"@id\":\"https:\/\/www.markoradler.hu\/en\/#organization\"},\"potentialAction\":[{\"@type\":\"SearchAction\",\"target\":{\"@type\":\"EntryPoint\",\"urlTemplate\":\"https:\/\/www.markoradler.hu\/en\/?s={search_term_string}\"},\"query-input\":\"required name=search_term_string\"}],\"inLanguage\":\"en-US\"},{\"@type\":\"Organization\",\"@id\":\"https:\/\/www.markoradler.hu\/en\/#organization\",\"name\":\"Mark\u00f3-R\u00e1dler Elvira\",\"url\":\"https:\/\/www.markoradler.hu\/en\/\",\"logo\":{\"@type\":\"ImageObject\",\"inLanguage\":\"en-US\",\"@id\":\"https:\/\/www.markoradler.hu\/en\/#\/schema\/logo\/image\/\",\"url\":\"http:\/\/www.markoradler.hu\/wp-content\/uploads\/2023\/07\/cropped-logo-szines-korvonal3.png\",\"contentUrl\":\"http:\/\/www.markoradler.hu\/wp-content\/uploads\/2023\/07\/cropped-logo-szines-korvonal3.png\",\"width\":250,\"height\":250,\"caption\":\"Mark\u00f3-R\u00e1dler Elvira\"},\"image\":{\"@id\":\"https:\/\/www.markoradler.hu\/en\/#\/schema\/logo\/image\/\"}},{\"@type\":\"Person\",\"@id\":\"https:\/\/www.markoradler.hu\/en\/#\/schema\/person\/52b04d78a94a728794ab5e8578f917e0\",\"name\":\"Mark\u00f3-R\u00e1dler Elvira\",\"url\":\"http:\/\/www.markoradler.hu\/en\/author\/markoradlerelvira\/\"}]}<\/script>\n<!-- \/ Yoast SEO plugin. -->","yoast_head_json":{"title":"The Twelve Art Biennale - Mark\u00f3-R\u00e1dler Elvira","robots":{"index":"index","follow":"follow","max-snippet":"max-snippet:-1","max-image-preview":"max-image-preview:large","max-video-preview":"max-video-preview:-1"},"canonical":"https:\/\/www.markoradler.hu\/en\/2024\/06\/14\/the-twelve-art-biennale\/","og_locale":"en_US","og_type":"article","og_title":"The Twelve Art Biennale - Mark\u00f3-R\u00e1dler Elvira","og_description":"Tisztelet a Mestereknek I. \/ Homage to the\u00a0 Masters I. Bondage 160x120cm olaj, v\u00e1szon \/ oil, canvas Lelki kapcsol\u00f3d\u00e1sok j\u00f6nnek l\u00e9tre t\u00e9ren \u00e9s id\u0151n kereszt\u00fcl. Ezek a lelki fon\u00f3d\u00e1sok megv\u00e1ltoztatj\u00e1kContinue reading...The Twelve Art Biennale","og_url":"https:\/\/www.markoradler.hu\/en\/2024\/06\/14\/the-twelve-art-biennale\/","og_site_name":"Mark\u00f3-R\u00e1dler Elvira","article_published_time":"2024-06-14T20:53:45+00:00","article_modified_time":"2024-06-17T17:58:47+00:00","og_image":[{"url":"http:\/\/www.markoradler.hu\/wp-content\/uploads\/2024\/06\/MS-766x1024.jpg"}],"author":"Mark\u00f3-R\u00e1dler Elvira","twitter_card":"summary_large_image","twitter_misc":{"Written by":"Mark\u00f3-R\u00e1dler Elvira","Est. reading time":"2 minutes"},"schema":{"@context":"https:\/\/schema.org","@graph":[{"@type":"Article","@id":"https:\/\/www.markoradler.hu\/en\/2024\/06\/14\/the-twelve-art-biennale\/#article","isPartOf":{"@id":"https:\/\/www.markoradler.hu\/en\/2024\/06\/14\/the-twelve-art-biennale\/"},"author":{"name":"Mark\u00f3-R\u00e1dler Elvira","@id":"https:\/\/www.markoradler.hu\/en\/#\/schema\/person\/52b04d78a94a728794ab5e8578f917e0"},"headline":"The Twelve Art Biennale","datePublished":"2024-06-14T20:53:45+00:00","dateModified":"2024-06-17T17:58:47+00:00","mainEntityOfPage":{"@id":"https:\/\/www.markoradler.hu\/en\/2024\/06\/14\/the-twelve-art-biennale\/"},"wordCount":305,"publisher":{"@id":"https:\/\/www.markoradler.hu\/en\/#organization"},"articleSection":["H\u00edrek"],"inLanguage":"en-US"},{"@type":"WebPage","@id":"https:\/\/www.markoradler.hu\/en\/2024\/06\/14\/the-twelve-art-biennale\/","url":"https:\/\/www.markoradler.hu\/en\/2024\/06\/14\/the-twelve-art-biennale\/","name":"The Twelve Art Biennale - Mark\u00f3-R\u00e1dler Elvira","isPartOf":{"@id":"https:\/\/www.markoradler.hu\/en\/#website"},"datePublished":"2024-06-14T20:53:45+00:00","dateModified":"2024-06-17T17:58:47+00:00","breadcrumb":{"@id":"https:\/\/www.markoradler.hu\/en\/2024\/06\/14\/the-twelve-art-biennale\/#breadcrumb"},"inLanguage":"en-US","potentialAction":[{"@type":"ReadAction","target":["https:\/\/www.markoradler.hu\/en\/2024\/06\/14\/the-twelve-art-biennale\/"]}]},{"@type":"BreadcrumbList","@id":"https:\/\/www.markoradler.hu\/en\/2024\/06\/14\/the-twelve-art-biennale\/#breadcrumb","itemListElement":[{"@type":"ListItem","position":1,"name":"Home","item":"https:\/\/www.markoradler.hu\/en\/"},{"@type":"ListItem","position":2,"name":"The Twelve Art Biennale"}]},{"@type":"WebSite","@id":"https:\/\/www.markoradler.hu\/en\/#website","url":"https:\/\/www.markoradler.hu\/en\/","name":"Mark\u00f3-R\u00e1dler Elvira","description":"Fest\u0151m\u0171v\u00e9sz","publisher":{"@id":"https:\/\/www.markoradler.hu\/en\/#organization"},"potentialAction":[{"@type":"SearchAction","target":{"@type":"EntryPoint","urlTemplate":"https:\/\/www.markoradler.hu\/en\/?s={search_term_string}"},"query-input":"required name=search_term_string"}],"inLanguage":"en-US"},{"@type":"Organization","@id":"https:\/\/www.markoradler.hu\/en\/#organization","name":"Mark\u00f3-R\u00e1dler Elvira","url":"https:\/\/www.markoradler.hu\/en\/","logo":{"@type":"ImageObject","inLanguage":"en-US","@id":"https:\/\/www.markoradler.hu\/en\/#\/schema\/logo\/image\/","url":"http:\/\/www.markoradler.hu\/wp-content\/uploads\/2023\/07\/cropped-logo-szines-korvonal3.png","contentUrl":"http:\/\/www.markoradler.hu\/wp-content\/uploads\/2023\/07\/cropped-logo-szines-korvonal3.png","width":250,"height":250,"caption":"Mark\u00f3-R\u00e1dler Elvira"},"image":{"@id":"https:\/\/www.markoradler.hu\/en\/#\/schema\/logo\/image\/"}},{"@type":"Person","@id":"https:\/\/www.markoradler.hu\/en\/#\/schema\/person\/52b04d78a94a728794ab5e8578f917e0","name":"Mark\u00f3-R\u00e1dler Elvira","url":"http:\/\/www.markoradler.hu\/en\/author\/markoradlerelvira\/"}]}},"_links":{"self":[{"href":"http:\/\/www.markoradler.hu\/en\/wp-json\/wp\/v2\/posts\/792","targetHints":{"allow":["GET"]}}],"collection":[{"href":"http:\/\/www.markoradler.hu\/en\/wp-json\/wp\/v2\/posts"}],"about":[{"href":"http:\/\/www.markoradler.hu\/en\/wp-json\/wp\/v2\/types\/post"}],"author":[{"embeddable":true,"href":"http:\/\/www.markoradler.hu\/en\/wp-json\/wp\/v2\/users\/2"}],"replies":[{"embeddable":true,"href":"http:\/\/www.markoradler.hu\/en\/wp-json\/wp\/v2\/comments?post=792"}],"version-history":[{"count":9,"href":"http:\/\/www.markoradler.hu\/en\/wp-json\/wp\/v2\/posts\/792\/revisions"}],"predecessor-version":[{"id":801,"href":"http:\/\/www.markoradler.hu\/en\/wp-json\/wp\/v2\/posts\/792\/revisions\/801"}],"wp:attachment":[{"href":"http:\/\/www.markoradler.hu\/en\/wp-json\/wp\/v2\/media?parent=792"}],"wp:term":[{"taxonomy":"category","embeddable":true,"href":"http:\/\/www.markoradler.hu\/en\/wp-json\/wp\/v2\/categories?post=792"},{"taxonomy":"post_tag","embeddable":true,"href":"http:\/\/www.markoradler.hu\/en\/wp-json\/wp\/v2\/tags?post=792"}],"curies":[{"name":"wp","href":"https:\/\/api.w.org\/{rel}","templated":true}]}}