{"id":735,"date":"2024-05-31T13:51:15","date_gmt":"2024-05-31T11:51:15","guid":{"rendered":"https:\/\/www.markoradler.hu\/?p=735"},"modified":"2024-05-31T14:16:54","modified_gmt":"2024-05-31T12:16:54","slug":"the-art-biennale","status":"publish","type":"post","link":"http:\/\/www.markoradler.hu\/en\/2024\/05\/31\/the-art-biennale\/","title":{"rendered":"The TWELVE ART BIENNALE"},"content":{"rendered":"<div data-elementor-type=\"wp-post\" data-elementor-id=\"735\" class=\"elementor elementor-735\">\n\t\t\t\t\t\t\t\t\t<section class=\"elementor-section elementor-top-section elementor-element elementor-element-84170cd elementor-section-boxed elementor-section-height-default elementor-section-height-default\" data-id=\"84170cd\" data-element_type=\"section\">\n\t\t\t\t\t\t<div class=\"elementor-container elementor-column-gap-default\">\n\t\t\t\t\t<div class=\"elementor-column elementor-col-100 elementor-top-column elementor-element elementor-element-edc6c22\" data-id=\"edc6c22\" data-element_type=\"column\">\n\t\t\t<div class=\"elementor-widget-wrap elementor-element-populated\">\n\t\t\t\t\t\t\t\t<div class=\"elementor-element elementor-element-63cfa19 elementor-widget elementor-widget-text-editor\" data-id=\"63cfa19\" data-element_type=\"widget\" data-widget_type=\"text-editor.default\">\n\t\t\t\t<div class=\"elementor-widget-container\">\n\t\t\t<style>\/*! elementor - v3.15.0 - 31-07-2023 *\/\n.elementor-widget-text-editor.elementor-drop-cap-view-stacked .elementor-drop-cap{background-color:#69727d;color:#fff}.elementor-widget-text-editor.elementor-drop-cap-view-framed .elementor-drop-cap{color:#69727d;border:3px solid;background-color:transparent}.elementor-widget-text-editor:not(.elementor-drop-cap-view-default) .elementor-drop-cap{margin-top:8px}.elementor-widget-text-editor:not(.elementor-drop-cap-view-default) .elementor-drop-cap-letter{width:1em;height:1em}.elementor-widget-text-editor .elementor-drop-cap{float:left;text-align:center;line-height:1;font-size:50px}.elementor-widget-text-editor .elementor-drop-cap-letter{display:inline-block}<\/style>\t\t\t\t\t\t\t\t\t\t<\/div>\n\t\t\t\t<\/div>\n\t\t\t\t\t<\/div>\n\t\t<\/div>\n\t\t\t\t\t\t\t<\/div>\n\t\t<\/section>\n\t\t\t\t<section class=\"elementor-section elementor-top-section elementor-element elementor-element-8e3abff elementor-section-boxed elementor-section-height-default elementor-section-height-default\" data-id=\"8e3abff\" data-element_type=\"section\">\n\t\t\t\t\t\t<div class=\"elementor-container elementor-column-gap-default\">\n\t\t\t\t\t<div class=\"elementor-column elementor-col-100 elementor-top-column elementor-element elementor-element-069e17b\" data-id=\"069e17b\" data-element_type=\"column\">\n\t\t\t<div class=\"elementor-widget-wrap elementor-element-populated\">\n\t\t\t\t\t\t\t\t<div class=\"elementor-element elementor-element-e55f384 elementor-widget elementor-widget-heading\" data-id=\"e55f384\" data-element_type=\"widget\" data-widget_type=\"heading.default\">\n\t\t\t\t<div class=\"elementor-widget-container\">\n\t\t\t<style>\/*! elementor - v3.15.0 - 31-07-2023 *\/\n.elementor-heading-title{padding:0;margin:0;line-height:1}.elementor-widget-heading .elementor-heading-title[class*=elementor-size-]>a{color:inherit;font-size:inherit;line-height:inherit}.elementor-widget-heading .elementor-heading-title.elementor-size-small{font-size:15px}.elementor-widget-heading .elementor-heading-title.elementor-size-medium{font-size:19px}.elementor-widget-heading .elementor-heading-title.elementor-size-large{font-size:29px}.elementor-widget-heading .elementor-heading-title.elementor-size-xl{font-size:39px}.elementor-widget-heading .elementor-heading-title.elementor-size-xxl{font-size:59px}<\/style><h2 class=\"elementor-heading-title elementor-size-default\">DAVID ART GALLERY\nBUDAPEST, FALK MIKSA U.8.<\/h2>\t\t<\/div>\n\t\t\t\t<\/div>\n\t\t\t\t\t<\/div>\n\t\t<\/div>\n\t\t\t\t\t\t\t<\/div>\n\t\t<\/section>\n\t\t\t\t<section class=\"elementor-section elementor-top-section elementor-element elementor-element-e743d4f elementor-section-boxed elementor-section-height-default elementor-section-height-default\" data-id=\"e743d4f\" data-element_type=\"section\">\n\t\t\t\t\t\t<div class=\"elementor-container elementor-column-gap-default\">\n\t\t\t\t\t<div class=\"elementor-column elementor-col-100 elementor-top-column elementor-element elementor-element-cc40c40\" data-id=\"cc40c40\" data-element_type=\"column\">\n\t\t\t<div class=\"elementor-widget-wrap elementor-element-populated\">\n\t\t\t\t\t\t\t\t<div class=\"elementor-element elementor-element-42e84b6 elementor-widget elementor-widget-text-editor\" data-id=\"42e84b6\" data-element_type=\"widget\" data-widget_type=\"text-editor.default\">\n\t\t\t\t<div class=\"elementor-widget-container\">\n\t\t\t\t\t\t\t<p><strong>\u00a0 \u00a0 \u00a0 \u00a0 \u00a0 \u00a0 \u00a0 \u00a0 \u00a0 \u00a0 \u00a0 \u00a0 \u00a0 \u00a0 \u00a0 \u00a0 \u00a0 \u00a0 \u00a0 \u00a0 \u00a0 \u00a0 \u00a0 18:00<\/strong><\/p>\t\t\t\t\t\t<\/div>\n\t\t\t\t<\/div>\n\t\t\t\t\t<\/div>\n\t\t<\/div>\n\t\t\t\t\t\t\t<\/div>\n\t\t<\/section>\n\t\t\t\t<section class=\"elementor-section elementor-top-section elementor-element elementor-element-d477b9a elementor-section-boxed elementor-section-height-default elementor-section-height-default\" data-id=\"d477b9a\" data-element_type=\"section\">\n\t\t\t\t\t\t<div class=\"elementor-container elementor-column-gap-default\">\n\t\t\t\t\t<div class=\"elementor-column elementor-col-100 elementor-top-column elementor-element elementor-element-3c106c6\" data-id=\"3c106c6\" data-element_type=\"column\">\n\t\t\t<div class=\"elementor-widget-wrap elementor-element-populated\">\n\t\t\t\t\t\t\t\t<div class=\"elementor-element elementor-element-2b8c5ec elementor-widget elementor-widget-image\" data-id=\"2b8c5ec\" data-element_type=\"widget\" data-widget_type=\"image.default\">\n\t\t\t\t<div class=\"elementor-widget-container\">\n\t\t\t<style>\/*! elementor - v3.15.0 - 31-07-2023 *\/\n.elementor-widget-image{text-align:center}.elementor-widget-image a{display:inline-block}.elementor-widget-image a img[src$=\".svg\"]{width:48px}.elementor-widget-image img{vertical-align:middle;display:inline-block}<\/style>\t\t\t\t\t\t\t\t\t\t\t\t<img loading=\"lazy\" decoding=\"async\" width=\"673\" height=\"1024\" src=\"http:\/\/www.markoradler.hu\/wp-content\/uploads\/2024\/05\/WEBOLDALRA-673x1024.jpg\" class=\"attachment-large size-large wp-image-717\" alt=\"\" srcset=\"http:\/\/www.markoradler.hu\/wp-content\/uploads\/2024\/05\/WEBOLDALRA-673x1024.jpg 673w, http:\/\/www.markoradler.hu\/wp-content\/uploads\/2024\/05\/WEBOLDALRA-197x300.jpg 197w, http:\/\/www.markoradler.hu\/wp-content\/uploads\/2024\/05\/WEBOLDALRA-768x1169.jpg 768w, http:\/\/www.markoradler.hu\/wp-content\/uploads\/2024\/05\/WEBOLDALRA-1009x1536.jpg 1009w, http:\/\/www.markoradler.hu\/wp-content\/uploads\/2024\/05\/WEBOLDALRA-1346x2048.jpg 1346w, http:\/\/www.markoradler.hu\/wp-content\/uploads\/2024\/05\/WEBOLDALRA-8x12.jpg 8w, http:\/\/www.markoradler.hu\/wp-content\/uploads\/2024\/05\/WEBOLDALRA-scaled.jpg 1682w\" sizes=\"auto, (max-width: 673px) 100vw, 673px\" \/>\t\t\t\t\t\t\t\t\t\t\t\t\t\t\t<\/div>\n\t\t\t\t<\/div>\n\t\t\t\t\t<\/div>\n\t\t<\/div>\n\t\t\t\t\t\t\t<\/div>\n\t\t<\/section>\n\t\t\t\t\t\t\t<\/div>","protected":false},"excerpt":{"rendered":"<p>DAVID ART GALLERY BUDAPEST, FALK MIKSA U.8. \u00a0 \u00a0 \u00a0 \u00a0 \u00a0 \u00a0 \u00a0 \u00a0 \u00a0 \u00a0 \u00a0 \u00a0 \u00a0 \u00a0 \u00a0 \u00a0 \u00a0 \u00a0 \u00a0 \u00a0 \u00a0 \u00a0 \u00a0<\/p>\n<p class=\"more-link\"><a href=\"http:\/\/www.markoradler.hu\/en\/2024\/05\/31\/the-art-biennale\/\" class=\"readmore\">Continue reading&#8230;<span class=\"screen-reader-text\">The TWELVE ART BIENNALE<\/span><\/a><\/p>","protected":false},"author":2,"featured_media":0,"comment_status":"closed","ping_status":"closed","sticky":false,"template":"","format":"standard","meta":{"_monsterinsights_skip_tracking":false,"_monsterinsights_sitenote_active":false,"_monsterinsights_sitenote_note":"","_monsterinsights_sitenote_category":0,"footnotes":""},"categories":[7],"tags":[],"class_list":["post-735","post","type-post","status-publish","format-standard","hentry","category-hirek"],"yoast_head":"<!-- This site is optimized with the Yoast SEO plugin v20.12 - https:\/\/yoast.com\/wordpress\/plugins\/seo\/ -->\n<title>The TWELVE ART BIENNALE - Mark\u00f3-R\u00e1dler Elvira<\/title>\n<meta name=\"robots\" content=\"index, follow, max-snippet:-1, max-image-preview:large, max-video-preview:-1\" \/>\n<link rel=\"canonical\" href=\"http:\/\/www.markoradler.hu\/en\/2024\/05\/31\/the-art-biennale\/\" \/>\n<meta property=\"og:locale\" content=\"en_US\" \/>\n<meta property=\"og:type\" content=\"article\" \/>\n<meta property=\"og:title\" content=\"The TWELVE ART BIENNALE - Mark\u00f3-R\u00e1dler Elvira\" \/>\n<meta property=\"og:description\" content=\"DAVID ART GALLERY BUDAPEST, FALK MIKSA U.8. \u00a0 \u00a0 \u00a0 \u00a0 \u00a0 \u00a0 \u00a0 \u00a0 \u00a0 \u00a0 \u00a0 \u00a0 \u00a0 \u00a0 \u00a0 \u00a0 \u00a0 \u00a0 \u00a0 \u00a0 \u00a0 \u00a0 \u00a0Continue reading...The TWELVE ART BIENNALE\" \/>\n<meta property=\"og:url\" content=\"http:\/\/www.markoradler.hu\/en\/2024\/05\/31\/the-art-biennale\/\" \/>\n<meta property=\"og:site_name\" content=\"Mark\u00f3-R\u00e1dler Elvira\" \/>\n<meta property=\"article:published_time\" content=\"2024-05-31T11:51:15+00:00\" \/>\n<meta property=\"article:modified_time\" content=\"2024-05-31T12:16:54+00:00\" \/>\n<meta property=\"og:image\" content=\"http:\/\/www.markoradler.hu\/wp-content\/uploads\/2024\/05\/WEBOLDALRA-673x1024.jpg\" \/>\n<meta name=\"author\" content=\"Mark\u00f3-R\u00e1dler Elvira\" \/>\n<meta name=\"twitter:card\" content=\"summary_large_image\" \/>\n<meta name=\"twitter:label1\" content=\"Written by\" \/>\n\t<meta name=\"twitter:data1\" content=\"Mark\u00f3-R\u00e1dler Elvira\" \/>\n\t<meta name=\"twitter:label2\" content=\"Est. reading time\" \/>\n\t<meta name=\"twitter:data2\" content=\"1 minute\" \/>\n<script type=\"application\/ld+json\" class=\"yoast-schema-graph\">{\"@context\":\"https:\/\/schema.org\",\"@graph\":[{\"@type\":\"Article\",\"@id\":\"https:\/\/www.markoradler.hu\/2024\/05\/31\/the-art-biennale\/#article\",\"isPartOf\":{\"@id\":\"https:\/\/www.markoradler.hu\/2024\/05\/31\/the-art-biennale\/\"},\"author\":{\"name\":\"Mark\u00f3-R\u00e1dler Elvira\",\"@id\":\"https:\/\/www.markoradler.hu\/en\/#\/schema\/person\/52b04d78a94a728794ab5e8578f917e0\"},\"headline\":\"The TWELVE ART BIENNALE\",\"datePublished\":\"2024-05-31T11:51:15+00:00\",\"dateModified\":\"2024-05-31T12:16:54+00:00\",\"mainEntityOfPage\":{\"@id\":\"https:\/\/www.markoradler.hu\/2024\/05\/31\/the-art-biennale\/\"},\"wordCount\":11,\"publisher\":{\"@id\":\"https:\/\/www.markoradler.hu\/en\/#organization\"},\"articleSection\":[\"H\u00edrek\"],\"inLanguage\":\"en-US\"},{\"@type\":\"WebPage\",\"@id\":\"https:\/\/www.markoradler.hu\/2024\/05\/31\/the-art-biennale\/\",\"url\":\"https:\/\/www.markoradler.hu\/2024\/05\/31\/the-art-biennale\/\",\"name\":\"The TWELVE ART BIENNALE - Mark\u00f3-R\u00e1dler Elvira\",\"isPartOf\":{\"@id\":\"https:\/\/www.markoradler.hu\/en\/#website\"},\"datePublished\":\"2024-05-31T11:51:15+00:00\",\"dateModified\":\"2024-05-31T12:16:54+00:00\",\"breadcrumb\":{\"@id\":\"https:\/\/www.markoradler.hu\/2024\/05\/31\/the-art-biennale\/#breadcrumb\"},\"inLanguage\":\"en-US\",\"potentialAction\":[{\"@type\":\"ReadAction\",\"target\":[\"https:\/\/www.markoradler.hu\/2024\/05\/31\/the-art-biennale\/\"]}]},{\"@type\":\"BreadcrumbList\",\"@id\":\"https:\/\/www.markoradler.hu\/2024\/05\/31\/the-art-biennale\/#breadcrumb\",\"itemListElement\":[{\"@type\":\"ListItem\",\"position\":1,\"name\":\"Home\",\"item\":\"https:\/\/www.markoradler.hu\/en\/\"},{\"@type\":\"ListItem\",\"position\":2,\"name\":\"The TWELVE ART BIENNALE\"}]},{\"@type\":\"WebSite\",\"@id\":\"https:\/\/www.markoradler.hu\/en\/#website\",\"url\":\"https:\/\/www.markoradler.hu\/en\/\",\"name\":\"Mark\u00f3-R\u00e1dler Elvira\",\"description\":\"Fest\u0151m\u0171v\u00e9sz\",\"publisher\":{\"@id\":\"https:\/\/www.markoradler.hu\/en\/#organization\"},\"potentialAction\":[{\"@type\":\"SearchAction\",\"target\":{\"@type\":\"EntryPoint\",\"urlTemplate\":\"https:\/\/www.markoradler.hu\/en\/?s={search_term_string}\"},\"query-input\":\"required name=search_term_string\"}],\"inLanguage\":\"en-US\"},{\"@type\":\"Organization\",\"@id\":\"https:\/\/www.markoradler.hu\/en\/#organization\",\"name\":\"Mark\u00f3-R\u00e1dler Elvira\",\"url\":\"https:\/\/www.markoradler.hu\/en\/\",\"logo\":{\"@type\":\"ImageObject\",\"inLanguage\":\"en-US\",\"@id\":\"https:\/\/www.markoradler.hu\/en\/#\/schema\/logo\/image\/\",\"url\":\"http:\/\/www.markoradler.hu\/wp-content\/uploads\/2023\/07\/cropped-logo-szines-korvonal3.png\",\"contentUrl\":\"http:\/\/www.markoradler.hu\/wp-content\/uploads\/2023\/07\/cropped-logo-szines-korvonal3.png\",\"width\":250,\"height\":250,\"caption\":\"Mark\u00f3-R\u00e1dler Elvira\"},\"image\":{\"@id\":\"https:\/\/www.markoradler.hu\/en\/#\/schema\/logo\/image\/\"}},{\"@type\":\"Person\",\"@id\":\"https:\/\/www.markoradler.hu\/en\/#\/schema\/person\/52b04d78a94a728794ab5e8578f917e0\",\"name\":\"Mark\u00f3-R\u00e1dler Elvira\",\"url\":\"http:\/\/www.markoradler.hu\/en\/author\/markoradlerelvira\/\"}]}<\/script>\n<!-- \/ Yoast SEO plugin. -->","yoast_head_json":{"title":"The TWELVE ART BIENNALE - Mark\u00f3-R\u00e1dler Elvira","robots":{"index":"index","follow":"follow","max-snippet":"max-snippet:-1","max-image-preview":"max-image-preview:large","max-video-preview":"max-video-preview:-1"},"canonical":"http:\/\/www.markoradler.hu\/en\/2024\/05\/31\/the-art-biennale\/","og_locale":"en_US","og_type":"article","og_title":"The TWELVE ART BIENNALE - Mark\u00f3-R\u00e1dler Elvira","og_description":"DAVID ART GALLERY BUDAPEST, FALK MIKSA U.8. \u00a0 \u00a0 \u00a0 \u00a0 \u00a0 \u00a0 \u00a0 \u00a0 \u00a0 \u00a0 \u00a0 \u00a0 \u00a0 \u00a0 \u00a0 \u00a0 \u00a0 \u00a0 \u00a0 \u00a0 \u00a0 \u00a0 \u00a0Continue reading...The TWELVE ART BIENNALE","og_url":"http:\/\/www.markoradler.hu\/en\/2024\/05\/31\/the-art-biennale\/","og_site_name":"Mark\u00f3-R\u00e1dler Elvira","article_published_time":"2024-05-31T11:51:15+00:00","article_modified_time":"2024-05-31T12:16:54+00:00","og_image":[{"url":"http:\/\/www.markoradler.hu\/wp-content\/uploads\/2024\/05\/WEBOLDALRA-673x1024.jpg"}],"author":"Mark\u00f3-R\u00e1dler Elvira","twitter_card":"summary_large_image","twitter_misc":{"Written by":"Mark\u00f3-R\u00e1dler Elvira","Est. reading time":"1 minute"},"schema":{"@context":"https:\/\/schema.org","@graph":[{"@type":"Article","@id":"https:\/\/www.markoradler.hu\/2024\/05\/31\/the-art-biennale\/#article","isPartOf":{"@id":"https:\/\/www.markoradler.hu\/2024\/05\/31\/the-art-biennale\/"},"author":{"name":"Mark\u00f3-R\u00e1dler Elvira","@id":"https:\/\/www.markoradler.hu\/en\/#\/schema\/person\/52b04d78a94a728794ab5e8578f917e0"},"headline":"The TWELVE ART BIENNALE","datePublished":"2024-05-31T11:51:15+00:00","dateModified":"2024-05-31T12:16:54+00:00","mainEntityOfPage":{"@id":"https:\/\/www.markoradler.hu\/2024\/05\/31\/the-art-biennale\/"},"wordCount":11,"publisher":{"@id":"https:\/\/www.markoradler.hu\/en\/#organization"},"articleSection":["H\u00edrek"],"inLanguage":"en-US"},{"@type":"WebPage","@id":"https:\/\/www.markoradler.hu\/2024\/05\/31\/the-art-biennale\/","url":"https:\/\/www.markoradler.hu\/2024\/05\/31\/the-art-biennale\/","name":"The TWELVE ART BIENNALE - Mark\u00f3-R\u00e1dler Elvira","isPartOf":{"@id":"https:\/\/www.markoradler.hu\/en\/#website"},"datePublished":"2024-05-31T11:51:15+00:00","dateModified":"2024-05-31T12:16:54+00:00","breadcrumb":{"@id":"https:\/\/www.markoradler.hu\/2024\/05\/31\/the-art-biennale\/#breadcrumb"},"inLanguage":"en-US","potentialAction":[{"@type":"ReadAction","target":["https:\/\/www.markoradler.hu\/2024\/05\/31\/the-art-biennale\/"]}]},{"@type":"BreadcrumbList","@id":"https:\/\/www.markoradler.hu\/2024\/05\/31\/the-art-biennale\/#breadcrumb","itemListElement":[{"@type":"ListItem","position":1,"name":"Home","item":"https:\/\/www.markoradler.hu\/en\/"},{"@type":"ListItem","position":2,"name":"The TWELVE ART BIENNALE"}]},{"@type":"WebSite","@id":"https:\/\/www.markoradler.hu\/en\/#website","url":"https:\/\/www.markoradler.hu\/en\/","name":"Mark\u00f3-R\u00e1dler Elvira","description":"Fest\u0151m\u0171v\u00e9sz","publisher":{"@id":"https:\/\/www.markoradler.hu\/en\/#organization"},"potentialAction":[{"@type":"SearchAction","target":{"@type":"EntryPoint","urlTemplate":"https:\/\/www.markoradler.hu\/en\/?s={search_term_string}"},"query-input":"required name=search_term_string"}],"inLanguage":"en-US"},{"@type":"Organization","@id":"https:\/\/www.markoradler.hu\/en\/#organization","name":"Mark\u00f3-R\u00e1dler Elvira","url":"https:\/\/www.markoradler.hu\/en\/","logo":{"@type":"ImageObject","inLanguage":"en-US","@id":"https:\/\/www.markoradler.hu\/en\/#\/schema\/logo\/image\/","url":"http:\/\/www.markoradler.hu\/wp-content\/uploads\/2023\/07\/cropped-logo-szines-korvonal3.png","contentUrl":"http:\/\/www.markoradler.hu\/wp-content\/uploads\/2023\/07\/cropped-logo-szines-korvonal3.png","width":250,"height":250,"caption":"Mark\u00f3-R\u00e1dler Elvira"},"image":{"@id":"https:\/\/www.markoradler.hu\/en\/#\/schema\/logo\/image\/"}},{"@type":"Person","@id":"https:\/\/www.markoradler.hu\/en\/#\/schema\/person\/52b04d78a94a728794ab5e8578f917e0","name":"Mark\u00f3-R\u00e1dler Elvira","url":"http:\/\/www.markoradler.hu\/en\/author\/markoradlerelvira\/"}]}},"_links":{"self":[{"href":"http:\/\/www.markoradler.hu\/en\/wp-json\/wp\/v2\/posts\/735","targetHints":{"allow":["GET"]}}],"collection":[{"href":"http:\/\/www.markoradler.hu\/en\/wp-json\/wp\/v2\/posts"}],"about":[{"href":"http:\/\/www.markoradler.hu\/en\/wp-json\/wp\/v2\/types\/post"}],"author":[{"embeddable":true,"href":"http:\/\/www.markoradler.hu\/en\/wp-json\/wp\/v2\/users\/2"}],"replies":[{"embeddable":true,"href":"http:\/\/www.markoradler.hu\/en\/wp-json\/wp\/v2\/comments?post=735"}],"version-history":[{"count":8,"href":"http:\/\/www.markoradler.hu\/en\/wp-json\/wp\/v2\/posts\/735\/revisions"}],"predecessor-version":[{"id":753,"href":"http:\/\/www.markoradler.hu\/en\/wp-json\/wp\/v2\/posts\/735\/revisions\/753"}],"wp:attachment":[{"href":"http:\/\/www.markoradler.hu\/en\/wp-json\/wp\/v2\/media?parent=735"}],"wp:term":[{"taxonomy":"category","embeddable":true,"href":"http:\/\/www.markoradler.hu\/en\/wp-json\/wp\/v2\/categories?post=735"},{"taxonomy":"post_tag","embeddable":true,"href":"http:\/\/www.markoradler.hu\/en\/wp-json\/wp\/v2\/tags?post=735"}],"curies":[{"name":"wp","href":"https:\/\/api.w.org\/{rel}","templated":true}]}}